{"id":19350,"date":"2024-04-24T12:18:38","date_gmt":"2024-04-24T10:18:38","guid":{"rendered":"https:\/\/quercusjardiners.com\/?p=19350"},"modified":"2024-04-24T12:32:38","modified_gmt":"2024-04-24T10:32:38","slug":"com-cuidar-les-flors-tallades","status":"publish","type":"post","link":"https:\/\/quercusjardiners.com\/ca\/com-cuidar-les-flors-tallades\/","title":{"rendered":"Com cuidar les flors tallades"},"content":{"rendered":"<div class=\"vgblk-rw-wrapper limit-wrapper\">\n\n\t<p>Per a Sant Jordi, el protagonisme se l&#8217;emporta la venda de flors tallades, en concret, de les roses vermelles. S&#8217;estima unes vendes de m\u00e9s de 7 milions de roses al 2024 segons dades del <a href=\"https:\/\/www.mercatflor.cat\/\" target=\"_blank\" rel=\"noopener\">Mercat de Flor i Planta Ornamental<\/a>. Nom\u00e9s 50.000 roses provenen de camps catalans. De fet, nom\u00e9s hi ha un productor del Maresme que fins ara s&#8217;atrevia a produir roses per Sant Jordi: <a href=\"https:\/\/www.radiocalellatv.cat\/videos\/entrevista-a-joaquim-pons-lunic-productor-de-roses-que-queda-en-tota-catalunya\/\" target=\"_blank\" rel=\"noopener\">Can Pons<\/a>. <strong>Degut als preus baixos de roses que venen d&#8217;altres paisos, el mal temps i les exigents mesures per la producci\u00f3 de roses, Can Pons ha decidit que aquest 2024 ser\u00e0 l&#8217;\u00faltim any que ven roses als mercats<\/strong>. L&#8217;any 2025 trobarem els carrers de Catalunya plens de roses, per\u00f2 cap ser\u00e0 produ\u00efda a casa.<\/p>\n<div id=\"ez-toc-container\" class=\"ez-toc-v2_0_81 counter-hierarchy ez-toc-counter ez-toc-grey ez-toc-container-direction\">\n<p class=\"ez-toc-title\" style=\"cursor:inherit\">\u00cdndice de contenido<\/p>\n<label for=\"ez-toc-cssicon-toggle-item-69f271bba5b82\" class=\"ez-toc-cssicon-toggle-label\"><span class=\"\"><span class=\"eztoc-hide\" style=\"display:none;\">Toggle<\/span><span class=\"ez-toc-icon-toggle-span\"><svg style=\"fill: #999;color:#999\" xmlns=\"http:\/\/www.w3.org\/2000\/svg\" class=\"list-377408\" width=\"20px\" height=\"20px\" viewBox=\"0 0 24 24\" fill=\"none\"><path d=\"M6 6H4v2h2V6zm14 0H8v2h12V6zM4 11h2v2H4v-2zm16 0H8v2h12v-2zM4 16h2v2H4v-2zm16 0H8v2h12v-2z\" fill=\"currentColor\"><\/path><\/svg><svg style=\"fill: #999;color:#999\" class=\"arrow-unsorted-368013\" xmlns=\"http:\/\/www.w3.org\/2000\/svg\" width=\"10px\" height=\"10px\" viewBox=\"0 0 24 24\" version=\"1.2\" baseProfile=\"tiny\"><path d=\"M18.2 9.3l-6.2-6.3-6.2 6.3c-.2.2-.3.4-.3.7s.1.5.3.7c.2.2.4.3.7.3h11c.3 0 .5-.1.7-.3.2-.2.3-.5.3-.7s-.1-.5-.3-.7zM5.8 14.7l6.2 6.3 6.2-6.3c.2-.2.3-.5.3-.7s-.1-.5-.3-.7c-.2-.2-.4-.3-.7-.3h-11c-.3 0-.5.1-.7.3-.2.2-.3.5-.3.7s.1.5.3.7z\"\/><\/svg><\/span><\/span><\/label><input type=\"checkbox\"  id=\"ez-toc-cssicon-toggle-item-69f271bba5b82\"  aria-label=\"Toggle\" \/><nav><ul class='ez-toc-list ez-toc-list-level-1 ' ><li class='ez-toc-page-1 ez-toc-heading-level-3'><a class=\"ez-toc-link ez-toc-heading-1\" href=\"https:\/\/quercusjardiners.com\/ca\/com-cuidar-les-flors-tallades\/#La_flor_tallada_caracteristiques_pros_i_contres\" >La flor tallada: caracter\u00edstiques, pros i contres<\/a><\/li><li class='ez-toc-page-1 ez-toc-heading-level-3'><a class=\"ez-toc-link ez-toc-heading-2\" href=\"https:\/\/quercusjardiners.com\/ca\/com-cuidar-les-flors-tallades\/#Com_podem_fer_que_visquin_mes_temps_les_flors_tallades_a_casa\" >Com podem fer que visquin m\u00e9s temps les flors tallades a casa?<\/a><\/li><\/ul><\/nav><\/div>\n<h3><span class=\"ez-toc-section\" id=\"La_flor_tallada_caracteristiques_pros_i_contres\"><\/span>La flor tallada: caracter\u00edstiques, pros i contres<span class=\"ez-toc-section-end\"><\/span><\/h3>\n<p>La flor tallada en un ram pot fer molt de goig, tamb\u00e9 la rosa de Sant Jordi. Regalem flors tallades per a moltes ocasions: dia de la Mare, Sant Valent\u00ed, Sant Jordi, dia dels Difunts, etc. <strong>Si l&#8217;objectiu \u00e9s fer un detall que duri poc temps, les flors tallades s\u00f3n molt cridaneres i pots agafar un pom de flors diferents<\/strong>. S\u00f3n molt vers\u00e0tils ja que poden estar a un gerro, a un got, al mig de la casa, a l&#8217;habitaci\u00f3, etc.<\/p>\n<p>En canvi, si regalem una planta viva, regalem anys de vida. El problema \u00e9s que nom\u00e9s regalem un tipus de planta, no com amb la flor tallada que en pots escollir de diferents.<\/p>\n<p>La producci\u00f3 de flors tallades \u00e9s normalment local, ja que la vida limitada d&#8217;aquestes no permet fer grans viatges d&#8217;enviament. Es poden cultivar tant a interiors com a hivernacles. I pels m\u00e9s alternatius, no patiu, que <strong>tamb\u00e9 hi ha flor ornamental salvatge<\/strong>.<\/p>\n<h3><span class=\"ez-toc-section\" id=\"Com_podem_fer_que_visquin_mes_temps_les_flors_tallades_a_casa\"><\/span>Com podem fer que visquin m\u00e9s temps les flors tallades a casa?<span class=\"ez-toc-section-end\"><\/span><\/h3>\n<p>Abans que t&#8217;emportis la flor tallada a casa, aquesta est\u00e0 a un frigor\u00edfic per a:<\/p>\n<ul>\n<li>Augmentar els dies de vida de la flor<\/li>\n<li>Reduir la seva tassa respirat\u00f2ria<\/li>\n<li>Reduir la p\u00e8rdua d&#8217;aigua pr\u00f2pia<\/li>\n<li>Reduir la propagaci\u00f3 de microorganismes<\/li>\n<li>Baixar la sensibilitat davant el gas etil\u00e8, el qual provoca l&#8217;envelliment de la flor ornamental o tallada<\/li>\n<\/ul>\n<p>La temperatura de la c\u00e0mera frigor\u00edfica \u00e9s d&#8217;entre 1 i 3 graus, i l&#8217;humitat a la nevera on s\u00f3n les flors ornamentals \u00e9s d&#8217;entre el 80 i el 95%.<\/p>\n<p>I un cop a casa? Repetim que la flor tallada o ornamental t\u00e9 un temps de vida limitat. Tanmateix, hi ha algunes recomanacions per aconseguir que visquin m\u00e9s temps les flors ornamentals:<\/p>\n<ol>\n<li><strong>Neteja el recipient on posar\u00e0s les flors<\/strong>, no deixis restes d&#8217;altres poms anteriors.<\/li>\n<li>Fes un <strong>tall en diagonal de la tija de la flor ornamental<\/strong> cada dos dies.<\/li>\n<li><strong>Neteja la flor<\/strong> (o l&#8217;aigua) de fulles o p\u00e8tals que han pogut caure del ram.<\/li>\n<li>Posa <strong>aigua t\u00e8bia al gerro<\/strong> i, si pots, <strong>deixa a la nevera el ram un parell d&#8217;hores<\/strong>. Aquest \u00e9s un proc\u00e9s d&#8217;enduriments de les flors, l&#8217;aigua t\u00e8bia ajuda a moure les mol\u00e8cules per les flors i el fred de la nevera redueix la p\u00e8rdua d&#8217;humitat a trav\u00e9s dels p\u00e8tals i les fulles.<\/li>\n<li>Pots posar aspirines, sucre, llimona, lleixiu (una mica) o els <strong>sobres d&#8217;aliment de flors tallades<\/strong> o flors ornamentals que venen a les floristeries per a que l&#8217;aigua no s&#8217;embruti i la flor tingui un extra de nutrients.<\/li>\n<li>La flor tallada ja no fa la fotos\u00edntesi fora de la planta, per tant <strong>no necessita llum solar directe<\/strong>. \u00c9s preferible posar la flor ornamental a la ombra. A m\u00e9s, l&#8217;aigua s&#8217;evapora abans si est\u00e0 en contacte amb el sol.<\/li>\n<li><strong>L&#8217;aigua s&#8217;ha d&#8217;anar canviant<\/strong>\u00a0peri\u00f2dicament cada 2\/3 dies.<\/li>\n<\/ol>\n<p>&nbsp;<\/p>\n<p>Fins aqui els nostres consells. Recordeu que teniu al vostre abast plantes vives, flors tallades o ornamentals i flors preservades. Totes elles s\u00f3n molt maques i vistoses, i cadascuna t\u00e9 unes necessitats diferents, per tant hem de saber com cuidar de cada esp\u00e8cie.<\/p>\n<p>&nbsp;<\/p>\n<p>&nbsp;<\/p>\n\n<\/div><!-- .vgblk-rw-wrapper -->","protected":false},"excerpt":{"rendered":"<p>Per a Sant Jordi, el protagonisme se l&#8217;emporta la venda de flors tallades, en concret, de les roses vermelles. S&#8217;estima unes vendes de m\u00e9s de 7 milions de roses al 2024 segons dades del Mercat de Flor i Planta Ornamental. Nom\u00e9s 50.000 roses provenen de camps catalans. De fet, nom\u00e9s hi ha un productor del Maresme que fins ara s&#8217;atrevia a produir roses per Sant Jordi: Can Pons.<\/p>\n","protected":false},"author":3,"featured_media":19351,"comment_status":"closed","ping_status":"closed","sticky":false,"template":"","format":"standard","meta":{"inline_featured_image":false,"_monsterinsights_skip_tracking":false,"_monsterinsights_sitenote_active":false,"_monsterinsights_sitenote_note":"","_monsterinsights_sitenote_category":0,"_jetpack_memberships_contains_paid_content":false,"footnotes":""},"categories":[537],"tags":[546,549,545,548],"class_list":["post-19350","post","type-post","status-publish","format-standard","has-post-thumbnail","hentry","category-plantes","tag-flors","tag-plantes","tag-roses","tag-sant-jordi"],"aioseo_notices":[],"jetpack_featured_media_url":"https:\/\/i0.wp.com\/quercusjardiners.com\/wp-content\/uploads\/2024\/04\/santjordiquercus.jpeg?fit=750%2C422&ssl=1","jetpack_sharing_enabled":true,"_links":{"self":[{"href":"https:\/\/quercusjardiners.com\/ca\/wp-json\/wp\/v2\/posts\/19350","targetHints":{"allow":["GET"]}}],"collection":[{"href":"https:\/\/quercusjardiners.com\/ca\/wp-json\/wp\/v2\/posts"}],"about":[{"href":"https:\/\/quercusjardiners.com\/ca\/wp-json\/wp\/v2\/types\/post"}],"author":[{"embeddable":true,"href":"https:\/\/quercusjardiners.com\/ca\/wp-json\/wp\/v2\/users\/3"}],"replies":[{"embeddable":true,"href":"https:\/\/quercusjardiners.com\/ca\/wp-json\/wp\/v2\/comments?post=19350"}],"version-history":[{"count":0,"href":"https:\/\/quercusjardiners.com\/ca\/wp-json\/wp\/v2\/posts\/19350\/revisions"}],"wp:featuredmedia":[{"embeddable":true,"href":"https:\/\/quercusjardiners.com\/ca\/wp-json\/wp\/v2\/media\/19351"}],"wp:attachment":[{"href":"https:\/\/quercusjardiners.com\/ca\/wp-json\/wp\/v2\/media?parent=19350"}],"wp:term":[{"taxonomy":"category","embeddable":true,"href":"https:\/\/quercusjardiners.com\/ca\/wp-json\/wp\/v2\/categories?post=19350"},{"taxonomy":"post_tag","embeddable":true,"href":"https:\/\/quercusjardiners.com\/ca\/wp-json\/wp\/v2\/tags?post=19350"}],"curies":[{"name":"wp","href":"https:\/\/api.w.org\/{rel}","templated":true}]}}